{"id":1306,"date":"2020-01-31T12:00:56","date_gmt":"2020-01-31T11:00:56","guid":{"rendered":"https:\/\/andrea-strigl.de\/de\/?post_type=news&#038;p=1306"},"modified":"2024-02-20T13:59:19","modified_gmt":"2024-02-20T12:59:19","slug":"rilke-projekt-live-im-prinzregententheater","status":"publish","type":"news","link":"https:\/\/andrea-strigl.de\/de\/news\/rilke-projekt-live-im-prinzregententheater\/","title":{"rendered":"Rilke Projekt live im Prinzregententheater"},"content":{"rendered":"<p><strong>Rilke Projekt live im <a href=\"https:\/\/www.theaterakademie.de\" target=\"_blank\" rel=\"noopener\">Prinzregententheater<\/a>.<\/strong><\/p>\n<p>&nbsp;<\/p>\n<p>Was f\u00fcr ein wunderbarer Abend mit <strong><span style=\"color: #CE1A00\">Sch\u00f6nherz &amp; Fleer<\/span><\/strong> &#8211; <span style=\"color: #CE1A00\">RILKE Projekt live<\/span> &#8211; &#8218;Wunderweisse N\u00e4chte&#8216;.<\/p>\n<p>&nbsp;<\/p>\n<p>Weitere Informationen: <a href=\"https:\/\/www.schoenherz-fleer.de\" target=\"_blank\" rel=\"noopener\"><span style=\"color: #CE1A00\">https:\/\/www.schoenherz-fleer.de<\/span><\/a><\/p>\n<p>&nbsp;<\/p>\n<p>\u00a9 Privat<\/p>\n<p>&nbsp;<\/p>\n<p>&#8211; Werbung\/ad &#8211;<\/p>\n","protected":false},"excerpt":{"rendered":"<p>Rilke Projekt live im Prinzregententheater. &nbsp; Was f\u00fcr ein wunderbarer Abend mit Sch\u00f6nherz &amp; Fleer &#8211; RILKE Projekt live &#8211; &#8218;Wunderweisse N\u00e4chte&#8216;. &nbsp; Weitere Informationen: https:\/\/www.schoenherz-fleer.de &nbsp; \u00a9 Privat &nbsp; &#8211; Werbung\/ad &#8211;<\/p>\n","protected":false},"featured_media":1500,"template":"","class_list":["post-1306","news","type-news","status-publish","has-post-thumbnail","hentry"],"_links":{"self":[{"href":"https:\/\/andrea-strigl.de\/de\/wp-json\/wp\/v2\/news\/1306","targetHints":{"allow":["GET"]}}],"collection":[{"href":"https:\/\/andrea-strigl.de\/de\/wp-json\/wp\/v2\/news"}],"about":[{"href":"https:\/\/andrea-strigl.de\/de\/wp-json\/wp\/v2\/types\/news"}],"wp:featuredmedia":[{"embeddable":true,"href":"https:\/\/andrea-strigl.de\/de\/wp-json\/wp\/v2\/media\/1500"}],"wp:attachment":[{"href":"https:\/\/andrea-strigl.de\/de\/wp-json\/wp\/v2\/media?parent=1306"}],"curies":[{"name":"wp","href":"https:\/\/api.w.org\/{rel}","templated":true}]}}